{"id":4029,"date":"2019-11-12T15:49:06","date_gmt":"2019-11-12T18:49:06","guid":{"rendered":"https:\/\/autodinamica.com.br\/?p=4029"},"modified":"2019-11-12T15:49:06","modified_gmt":"2019-11-12T18:49:06","slug":"entenda-o-seguro-dpvat-que-devera-ser-extinto-a-partir-de-2020","status":"publish","type":"post","link":"https:\/\/autodinamica.com.br\/?p=4029","title":{"rendered":"Entenda o Seguro DPVAT, que dever\u00e1 ser extinto a partir de 2020"},"content":{"rendered":"<h2>Seguro obrigat\u00f3rio era cobrado todo ano dos propriet\u00e1rios de ve\u00edculos. Acidentes ocorridos at\u00e9 31 de dezembro de 2019 ainda ser\u00e3o cobertos, diz o governo.<\/h2>\n<p>O presidente da Rep\u00fablica, Jair Bolsonaro, anunciou nesta segunda-feira (11) a\u00a0<a href=\"https:\/\/g1.globo.com\/politica\/noticia\/2019\/11\/11\/bolsonaro-edita-medida-provisoria-que-extingue-o-dpvat-a-partir-de-2020.ghtml\">extin\u00e7\u00e3o do seguro obrigat\u00f3rio DPVAT<\/a>\u00a0a partir de 2020. A medida provis\u00f3ria n\u00ba 904 foi publicada nesta ter\u00e7a-feira (12) no Di\u00e1rio Oficial da Uni\u00e3o. Veja perguntas e respostas sobre a medida.<\/p>\n<div class=\"mc-column content-text active-extra-styles\" data-block-type=\"raw\" data-block-weight=\"6\" data-block-id=\"6\">\n<div class=\"content-intertitle\">\n<h2>O que \u00e9 o Seguro DPVAT?<\/h2>\n<\/div>\n<\/div>\n<div class=\"mc-column content-text active-extra-styles \" data-block-type=\"unstyled\" data-block-weight=\"44\" data-block-id=\"7\">\n<p class=\"content-text__container \" data-track-category=\"Link no Texto\" data-track-links=\"\">Tamb\u00e9m conhecido como &#8220;seguro obrigat\u00f3rio&#8221;, o\u00a0<a href=\"https:\/\/g1.globo.com\/carros\/assuntos\/dpvat\/\">Seguro DPVAT<\/a>\u00a0(Danos Pessoais causados por Ve\u00edculos Automotores de Via Terrestre) cobre casos de morte, invalidez permanente ou despesas com assist\u00eancias m\u00e9dica e suplementares por les\u00f5es de menor gravidade causadas por acidentes de tr\u00e2nsito em todo o pa\u00eds.<\/p>\n<\/div>\n<div class=\"mc-column content-text active-extra-styles \" data-block-type=\"unstyled\" data-block-weight=\"42\" data-block-id=\"8\">\n<p class=\"content-text__container \" data-track-category=\"Link no Texto\" data-track-links=\"\">Ele foi institu\u00eddo por lei em 1974. At\u00e9 agora, o pagamento era anual e obrigat\u00f3rio para todos os propriet\u00e1rios de ve\u00edculos e era feito junto com o IPVA. O seguro era um requisito para o motorista conseguir renovar o licenciamento do ve\u00edculo.<\/p>\n<\/div>\n<div class=\"mc-column content-text active-extra-styles \" data-block-type=\"unstyled\" data-block-weight=\"34\" data-block-id=\"9\">\n<p class=\"content-text__container \" data-track-category=\"Link no Texto\" data-track-links=\"\">Em 2007, com a proposta de centraliza\u00e7\u00e3o de gest\u00e3o envolvendo o atendimento ao usu\u00e1rio, al\u00e9m de representa\u00e7\u00f5es nas esferas administrativa e jur\u00eddica, foi criada a Seguradora L\u00edder, que administra o DPVAT at\u00e9 ent\u00e3o.<\/p>\n<\/div>\n<div class=\"mc-column content-text active-extra-styles \" data-block-type=\"unstyled\" data-block-weight=\"24\" data-block-id=\"10\">\n<p class=\"content-text__container \" data-track-category=\"Link no Texto\" data-track-links=\"\">Assim como as demais seguradoras particulares, a L\u00edder \u00e9 fiscalizada pela Superintend\u00eancia de Seguros Privados (Susep), uma autarquia federal vinculada ao Minist\u00e9rio da Economia.<\/p>\n<\/div>\n<div class=\"mc-column content-text active-extra-styles\" data-block-type=\"raw\" data-block-weight=\"8\" data-block-id=\"12\">\n<div class=\"content-intertitle\">\n<h2>Quem pode pedir o DPVAT e quanto recebe?<\/h2>\n<\/div>\n<\/div>\n<div class=\"mc-column content-text active-extra-styles \" data-block-type=\"unstyled\" data-block-weight=\"56\" data-block-id=\"13\">\n<p class=\"content-text__container \" data-track-category=\"Link no Texto\" data-track-links=\"\">Qualquer pessoa que sofreu um acidente de tr\u00e2nsito, seja pedestre, motorista ou passageiro. O seguro cobre despesas m\u00e9dico-hospitalares e d\u00e1 indeniza\u00e7\u00e3o por morte ou invalidez permanente (veja os valores abaixo). A v\u00edtima ou familiares dela podem pedir o seguro at\u00e9 tr\u00eas anos depois da data do acidente ou da ci\u00eancia da invalidez ou da morte.<\/p>\n<\/div>\n<div class=\"row medium-uncollapsed content-text\" data-block-type=\"table-plugin\" data-block-id=\"14\">\n<div class=\"column medium-centered medium-22 large-20\">\n<div class=\"show-table content-media content-media--normal\">\n<p class=\"mc-column show-table__title\">Quem recebe e quanto<\/p>\n<div class=\"show-table__centralized\">\n<div class=\"show-table__container\">\n<table class=\"show-table__content\n show-table__content--highlight-top        \"><\/p>\n<tbody>\n<tr>\n<td>Cobertura<\/td>\n<td>Quem tem direito (benefici\u00e1rios)<\/td>\n<td>Valores de indeniza\u00e7\u00e3o<\/td>\n<\/tr>\n<tr>\n<td>Morte<\/td>\n<td>Familiares ou herdeiros legais<\/td>\n<td>R$ 13.500 por acidentado (1)<\/td>\n<\/tr>\n<tr>\n<td>Invalidez permanente<\/td>\n<td>Somente o pr\u00f3prio acidentado<\/td>\n<td>at\u00e9 R$ 13.500 por acidentado (2)<\/td>\n<\/tr>\n<tr>\n<td>Despesas m\u00e9dico-hospitalares<\/td>\n<td>Somente o pr\u00f3prio acidentado<\/td>\n<td>at\u00e9 R$ 2.700 por acidentado (3)<\/td>\n<\/tr>\n<\/tbody>\n<\/table>\n<\/div>\n<div class=\"show-table__footer\">\n<div class=\"show-table__source\">Fonte: Seguradora L\u00edder<\/div>\n<\/div>\n<\/div>\n<\/div>\n<\/div>\n<\/div>\n<div class=\"mc-column content-text active-extra-styles \" data-block-type=\"unstyled\" data-block-weight=\"15\" data-block-id=\"15\">\n<p class=\"content-text__container \" data-track-category=\"Link no Texto\" data-track-links=\"\"><em>(1) Estes valores n\u00e3o s\u00e3o divididos entre as v\u00edtimas do mesmo acidente. S\u00e3o pagos individualmente.<\/em><\/p>\n<\/div>\n<div class=\"mc-column content-text active-extra-styles \" data-block-type=\"unstyled\" data-block-weight=\"14\" data-block-id=\"16\">\n<p class=\"content-text__container \" data-track-category=\"Link no Texto\" data-track-links=\"\"><em>(2) O valor da indeniza\u00e7\u00e3o de invalidez permanente varia conforme a gravidade da les\u00e3o.<\/em><\/p>\n<\/div>\n<div class=\"mc-column content-text active-extra-styles \" data-block-type=\"unstyled\" data-block-weight=\"13\" data-block-id=\"17\">\n<p class=\"content-text__container \" data-track-category=\"Link no Texto\" data-track-links=\"\"><em>(3) O valor do reembolso m\u00e9dico-hospitalar varia conforme o total de despesas comprovadas.<\/em><\/p>\n<\/div>\n<div class=\"mc-column content-text active-extra-styles \" data-block-type=\"unstyled\" data-block-weight=\"19\" data-block-id=\"19\">\n<p class=\"content-text__container \" data-track-category=\"Link no Texto\" data-track-links=\"\">Mais informa\u00e7\u00f5es de como receber o DPVAT podem ser obtidas pelos telefones 4020-1596 (regi\u00f5es metropolitanas) ou 0800-0221204 (outras regi\u00f5es).<\/p>\n<\/div>\n<div class=\"mc-column content-text active-extra-styles\" data-block-type=\"raw\" data-block-weight=\"5\" data-block-id=\"20\">\n<div class=\"content-intertitle\">\n<h2>Quantos benef\u00edcios j\u00e1 foram pagos?<\/h2>\n<\/div>\n<\/div>\n<div class=\"mc-column content-text active-extra-styles \" data-block-type=\"unstyled\" data-block-weight=\"39\" data-block-id=\"21\">\n<p class=\"content-text__container \" data-track-category=\"Link no Texto\" data-track-links=\"\">De 2009 a 2018, o DPVAT pagou mais de\u00a0<strong>4,5 milh\u00f5es de sinistros<\/strong>, segundo a Seguradora L\u00edder. Nesse per\u00edodo, foram mais de\u00a0<strong>485 mil indeniza\u00e7\u00f5es por morte<\/strong>, 3,2 milh\u00f5es por invalidez e 818 mil pagamentos de despesas m\u00e9dicas.<\/p>\n<\/div>\n<div class=\"mc-column content-text active-extra-styles \" data-block-type=\"unstyled\" data-block-weight=\"34\" data-block-id=\"22\">\n<p class=\"content-text__container \" data-track-category=\"Link no Texto\" data-track-links=\"\">S\u00f3 em 2018, o segurou pagou 328.142 indeniza\u00e7\u00f5es para v\u00edtimas de acidentes de tr\u00e2nsito e seus benefici\u00e1rios. Foram 38 mil por morte, 228 mil por invalidez permanente e 61 mil por despesas m\u00e9dicas.<\/p>\n<\/div>\n<div class=\"mc-column content-text active-extra-styles\" data-block-type=\"raw\" data-block-weight=\"6\" data-block-id=\"23\">\n<div class=\"content-intertitle\">\n<h2>Quando o Seguro DPVAT vai acabar?<\/h2>\n<\/div>\n<\/div>\n<div class=\"mc-column content-text active-extra-styles \" data-block-type=\"unstyled\" data-block-weight=\"39\" data-block-id=\"24\">\n<p class=\"content-text__container \" data-track-category=\"Link no Texto\" data-track-links=\"\">A partir de 2020, de acordo com a medida provis\u00f3ria editada nesta segunda-feira. Por\u00e9m, a MP precisa ser aprovada pelo Congresso em at\u00e9 6 meses, a partir da publica\u00e7\u00e3o no &#8220;Di\u00e1rio Oficial da Uni\u00e3o&#8221;, ou ent\u00e3o perder\u00e1 a validade.<\/p>\n<\/div>\n<div class=\"mc-column content-text active-extra-styles\" data-block-type=\"raw\" data-block-weight=\"5\" data-block-id=\"25\">\n<div class=\"content-intertitle\">\n<h2>Por que ele vai acabar?<\/h2>\n<\/div>\n<\/div>\n<div class=\"mc-column content-text active-extra-styles \" data-block-type=\"unstyled\" data-block-weight=\"54\" data-block-id=\"26\">\n<p class=\"content-text__container \" data-track-category=\"Link no Texto\" data-track-links=\"\">A Superintend\u00eancia de Seguros Privados (Susep), \u00f3rg\u00e3o federal que fiscaliza o mercado de seguros, disse ter sido questionada pelo Minist\u00e9rio da Economia sobre fraudes, problemas com \u00f3rg\u00e3os de controle e alto \u00edndice de reclama\u00e7\u00f5es em rela\u00e7\u00e3o ao seguro, e apresentou dados que apontam a\u00a0<strong>baixa efici\u00eancia do DPVAT<\/strong>. O \u00f3rg\u00e3o n\u00e3o divulgou esses dados.<\/p>\n<\/div>\n<div class=\"mc-column content-text active-extra-styles \" data-block-type=\"unstyled\" data-block-weight=\"19\" data-block-id=\"28\">\n<p class=\"content-text__container \" data-track-category=\"Link no Texto\" data-track-links=\"\">O\u00a0<strong>G1\u00a0<\/strong>procurou a Segura L\u00edder, gestora do DPVAT, mas n\u00e3o obteve retorno at\u00e9 a \u00faltima atualiza\u00e7\u00e3o desta reportagem.<\/p>\n<\/div>\n<div class=\"mc-column content-text active-extra-styles \" data-block-type=\"unstyled\" data-block-weight=\"35\" data-block-id=\"29\">\n<p class=\"content-text__container \" data-track-category=\"Link no Texto\" data-track-links=\"\">Em setembro \u00faltimo, ela afirmou que, em 2018, 11.898 fraudes ao DPVAT foram descobertas. E que, nos 7 primeiros meses de 2019, conseguiu identificar mais de 4 mil, evitando um preju\u00edzo de R$ 29,6 milh\u00f5es.<\/p>\n<\/div>\n<div class=\"mc-column content-text active-extra-styles \" data-block-type=\"unstyled\" data-block-weight=\"56\" data-block-id=\"30\">\n<p class=\"content-text__container \" data-track-category=\"Link no Texto\" data-track-links=\"\">De acordo com a Susep, o volume de reclama\u00e7\u00f5es do DPVAT \u00e9 um dos maiores do mercado, &#8220;sendo a Seguradora L\u00edder, a 2\u00aa colocada no ranking de reclama\u00e7\u00f5es da Susep&#8221;. E, ainda conforme a superintend\u00eancia, atualmente, o DPVAT \u00e9 alvo de processos movidos pelo Tribunal de Contas da Uni\u00e3o (TCU) e de milhares de a\u00e7\u00f5es judiciais.<\/p>\n<\/div>\n<div class=\"mc-column content-text active-extra-styles \" data-block-type=\"unstyled\" data-block-weight=\"25\" data-block-id=\"31\">\n<p class=\"content-text__container \" data-track-category=\"Link no Texto\" data-track-links=\"\">A Susep tamb\u00e9m destacou que o DPVAT consome 19% dos recursos de fiscaliza\u00e7\u00e3o da superintend\u00eancia, enquanto a opera\u00e7\u00e3o representa apenas 1,9% do volume de receitas.<\/p>\n<\/div>\n<div class=\"mc-column content-text active-extra-styles\" data-block-type=\"raw\" data-block-weight=\"21\" data-block-id=\"32\">\n<blockquote class=\"content-blockquote theme-border-color-primary-before\"><p>Ainda segundo a Susep, &#8220;espera-se que o pr\u00f3prio mercado ofere\u00e7a coberturas adequadas para prote\u00e7\u00e3o dos propriet\u00e1rios de ve\u00edculos, passageiros e pedestres&#8221;.<\/p><\/blockquote>\n<\/div>\n<div class=\"mc-column content-text active-extra-styles \" data-block-type=\"unstyled\" data-block-weight=\"23\" data-block-id=\"33\">\n<p class=\"content-text__container \" data-track-category=\"Link no Texto\" data-track-links=\"\">Hoje, de acordo com o \u00f3rg\u00e3o, cerca de\u00a0<strong>30% da frota circulante de ve\u00edculos<\/strong>\u00a0no Brasil j\u00e1 contam com essas e outras coberturas.<\/p>\n<\/div>\n<div class=\"mc-column content-text active-extra-styles \" data-block-type=\"unstyled\" data-block-weight=\"34\" data-block-id=\"34\">\n<p class=\"content-text__container \" data-track-category=\"Link no Texto\" data-track-links=\"\">De acordo com o governo, a extin\u00e7\u00e3o do DPVAT n\u00e3o vai desamparar os cidad\u00e3os em caso de acidentes, j\u00e1 que o Sistema \u00danico de Sa\u00fade (SUS) presta atendimento gratuito e universal na rede p\u00fablica.<\/p>\n<\/div>\n<div class=\"mc-column content-text active-extra-styles\" data-block-type=\"raw\" data-block-weight=\"9\" data-block-id=\"36\">\n<div class=\"content-intertitle\">\n<h2>At\u00e9 quando ser\u00e3o pagas indeniza\u00e7\u00f5es por acidentes pelo DPVAT?<\/h2>\n<\/div>\n<\/div>\n<div class=\"mc-column content-text active-extra-styles \" data-block-type=\"unstyled\" data-block-weight=\"30\" data-block-id=\"37\">\n<p class=\"content-text__container \" data-track-category=\"Link no Texto\" data-track-links=\"\">Sinistros ocorridos\u00a0<strong>at\u00e9 31 de dezembro de 2019<\/strong>\u00a0ser\u00e3o cobertos pelo seguro. Assim, a atual gestora, Seguradora L\u00edder, continuar\u00e1 respons\u00e1vel pelos procedimentos de cobertura at\u00e9 31 de dezembro de 2025.<\/p>\n<\/div>\n<div class=\"mc-column content-text active-extra-styles \" data-block-type=\"unstyled\" data-block-weight=\"15\" data-block-id=\"38\">\n<p class=\"content-text__container \" data-track-category=\"Link no Texto\" data-track-links=\"\">Depois disso, a Uni\u00e3o suceder\u00e1 a Seguradora L\u00edder nos direitos e obriga\u00e7\u00f5es envolvendo o DPVAT.<\/p>\n<\/div>\n<div class=\"mc-column content-text active-extra-styles \" data-block-type=\"unstyled\" data-block-weight=\"77\" data-block-id=\"39\">\n<p class=\"content-text__container \" data-track-category=\"Link no Texto\" data-track-links=\"\">&#8220;Para os segurados do INSS, tamb\u00e9m h\u00e1 a cobertura do aux\u00edlio-doen\u00e7a, aposentadoria por invalidez, aux\u00edlio-acidente e de pens\u00e3o por morte. E, mesmo para aqueles que n\u00e3o s\u00e3o segurados do INSS, o Governo Federal tamb\u00e9m j\u00e1 oferece o Benef\u00edcio de Presta\u00e7\u00e3o Continuada \u2013 BPC, que garante o pagamento de um sal\u00e1rio m\u00ednimo mensal para pessoas que n\u00e3o possuam meios de prover sua subsist\u00eancia ou de t\u00ea-la provida por sua fam\u00edlia, nos termos da legisla\u00e7\u00e3o respectiva&#8221;, afirma o governo.<\/p>\n<\/div>\n<div class=\"mc-column content-text active-extra-styles\" data-block-type=\"raw\" data-block-weight=\"6\" data-block-id=\"40\">\n<div class=\"content-intertitle\">\n<h2>Qual o valor do Seguro DPVAT?<\/h2>\n<\/div>\n<\/div>\n<div class=\"mc-column content-text active-extra-styles \" data-block-type=\"unstyled\" data-block-weight=\"24\" data-block-id=\"41\">\n<p class=\"content-text__container \" data-track-category=\"Link no Texto\" data-track-links=\"\">Ele era reavaliado a cada ano e era mais caro para motos, que s\u00e3o o tipo de ve\u00edculo que mais demanda indeniza\u00e7\u00f5es por acidentes.<\/p>\n<\/div>\n<div class=\"mc-column content-text active-extra-styles \" data-block-type=\"unstyled\" data-block-weight=\"43\" data-block-id=\"42\">\n<p class=\"content-text__container \" data-track-category=\"Link no Texto\" data-track-links=\"\">O valor do seguro vinha caindo nos \u00faltimos anos. Em 2019, essa queda chegou a 71% para autom\u00f3veis, que pagaram R$ 12, e a 56% para motos, para as quais foram cobrados R$ 180,65 (<a href=\"https:\/\/g1.globo.com\/carros\/noticia\/2018\/12\/13\/seguro-dpvat-2019-tem-reducao-media-de-633-veja-os-valores.ghtml\">veja os valores para todos os tipos ve\u00edculos<\/a>)<a href=\"https:\/\/g1.globo.com\/carros\/noticia\/2018\/12\/13\/seguro-dpvat-2019-tem-reducao-media-de-633-veja-os-valores.ghtml\">.<\/a><\/p>\n<\/div>\n<div class=\"mc-column content-text active-extra-styles \" data-block-type=\"unstyled\" data-block-weight=\"43\" data-block-id=\"44\">\n<p class=\"content-text__container \" data-track-category=\"Link no Texto\" data-track-links=\"\">Segundo o Conselho Nacional de Seguros Privados (CNSP), que definiu os pre\u00e7os em\u00a0<a href=\"https:\/\/g1.globo.com\/carros\/noticia\/2018\/12\/13\/seguro-dpvat-2019-tem-reducao-media-de-633-veja-os-valores.ghtml\">2019<\/a>, o valor do seguro baixou porque o volume de recursos acumulado em reservas era maior do que as necessidades de atua\u00e7\u00e3o do Seguro DPVAT, como o pagamento de indeniza\u00e7\u00f5es.<\/p>\n<\/div>\n<div class=\"mc-column content-text active-extra-styles \" data-block-type=\"unstyled\" data-block-weight=\"40\" data-block-id=\"45\">\n<p class=\"content-text__container \" data-track-category=\"Link no Texto\" data-track-links=\"\">De acordo com o governo, o Cons\u00f3rcio do DPVAT contabiliza atualmente um total de\u00a0<strong>R$ 8,9 bilh\u00f5es<\/strong>; sendo que o valor estimado para cobrir as obriga\u00e7\u00f5es efetivas do seguro at\u00e9 o fim de 2025 \u00e9 de aproximadamente R$ 4,2 bilh\u00f5es.<\/p>\n<\/div>\n<div class=\"mc-column content-text active-extra-styles\" data-block-type=\"raw\" data-block-weight=\"13\" data-block-id=\"46\">\n<div class=\"content-intertitle\">\n<h2>Quanto o governo arrecada com o Seguro DPVAT? Para onde vai o dinheiro?<\/h2>\n<\/div>\n<\/div>\n<div class=\"mc-column content-text active-extra-styles \" data-block-type=\"unstyled\" data-block-weight=\"11\" data-block-id=\"47\">\n<p class=\"content-text__container \" data-track-category=\"Link no Texto\" data-track-links=\"\">No ano passado, foram R$ 4,669 bilh\u00f5es, distribu\u00eddos da seguinte forma:<\/p>\n<\/div>\n<div class=\"mc-column content-text active-extra-styles\" data-block-type=\"raw\" data-block-weight=\"39\" data-block-id=\"48\">\n<ul class=\"content-unordered-list\">\n<li>45% (R$ 2,101 bilh\u00f5es) foram usados para o financiamento do SUS;<\/li>\n<li>5% (R$ 233,5 milh\u00f5es) foram destinados ao Denatran para financiamento de programas de educa\u00e7\u00e3o no tr\u00e2nsito;<\/li>\n<li>50% (R$ 2,334 bilh\u00f5es) foram usados para pagamentos de indeniza\u00e7\u00f5es do DPVAT.<\/li>\n<\/ul>\n<\/div>\n<div class=\"mc-column content-text active-extra-styles\" data-block-type=\"raw\" data-block-weight=\"11\" data-block-id=\"49\">\n<div class=\"content-intertitle\">\n<h2>Com a extin\u00e7\u00e3o, quem fica com o valor acumulado pelo DPVAT?<\/h2>\n<\/div>\n<\/div>\n<div class=\"mc-column content-text active-extra-styles \" data-block-type=\"unstyled\" data-block-weight=\"40\" data-block-id=\"50\">\n<p class=\"content-text__container \" data-track-category=\"Link no Texto\" data-track-links=\"\">De acordo com o governo, o Cons\u00f3rcio do DPVAT contabiliza atualmente um total de R$ 8,9 bilh\u00f5es; sendo que o valor estimado para cobrir as obriga\u00e7\u00f5es efetivas do seguro at\u00e9 o fim de 2025 \u00e9 de aproximadamente R$ 4,2 bilh\u00f5es.<\/p>\n<\/div>\n<div class=\"mc-column content-text active-extra-styles \" data-block-type=\"unstyled\" data-block-weight=\"37\" data-block-id=\"51\">\n<p class=\"content-text__container \" data-track-category=\"Link no Texto\" data-track-links=\"\">O valor restante, cerca de R$ 4,7 bilh\u00f5es, ser\u00e1 destinado, em um primeiro momento, \u00e0 Conta \u00danica do Tesouro Nacional, sob a supervis\u00e3o da Superintend\u00eancia de Seguros Privados (Susep), em 3 parcelas anuais de 2020 a 2022.<\/p>\n<\/div>\n<div class=\"mc-column content-text active-extra-styles \" data-block-type=\"unstyled\" data-block-weight=\"18\" data-block-id=\"53\">\n<p class=\"content-text__container \" data-track-category=\"Link no Texto\" data-track-links=\"\">Essas parcelas, segundo o governo, s\u00e3o suficientes para\u00a0<strong>compensar as estimativas de repasse ao SUS<\/strong>\u00a0e ao Denatran.<\/p>\n<\/div>\n<div class=\"mc-column content-text active-extra-styles\" data-block-type=\"raw\" data-block-weight=\"8\" data-block-id=\"54\">\n<div class=\"content-intertitle\">\n<h2>O que \u00e9 DPEM, que tamb\u00e9m ser\u00e1 extinto?<\/h2>\n<\/div>\n<\/div>\n<div class=\"mc-column content-text active-extra-styles \" data-block-type=\"unstyled\" data-block-weight=\"39\" data-block-id=\"55\">\n<p class=\"content-text__container \" data-track-category=\"Link no Texto\" data-track-links=\"\">O Seguro Obrigat\u00f3rio de Danos Pessoais Causados por Embarca\u00e7\u00f5es ou por suas Cargas (DPEM) \u00e9 para v\u00edtimas de danos causados por embarca\u00e7\u00f5es. De acordo com o governo, ele est\u00e1 inoperante desde 2016 porque n\u00e3o h\u00e1 seguradora que o oferte.<\/p>\n<\/div>\n<div class=\"mc-column content-text active-extra-styles\" data-block-type=\"raw\" data-block-weight=\"3\" data-block-id=\"56\">\n<div class=\"content-intertitle\">\n<h2>E o IPVA?<\/h2>\n<\/div>\n<\/div>\n<div data-track-category=\"multicontent\" data-track-action=\"ultimo chunk conteudo\" data-track-noninteraction=\"false\" data-track-scroll=\"view\">\n<div class=\"mc-column content-text active-extra-styles \" data-block-type=\"unstyled\" data-block-weight=\"31\" data-block-id=\"57\">\n<p class=\"content-text__container \" data-track-category=\"Link no Texto\" data-track-links=\"\">O Imposto sobre Propriedades de Ve\u00edculos Automotores (<a href=\"https:\/\/g1.globo.com\/carros\/assuntos\/ipva\/\">IPVA<\/a>) \u00e9 estadual e\u00a0<strong>n\u00e3o est\u00e1 inclu\u00eddo na medida<\/strong>\u00a0provis\u00f3ria que extingue o DPVAT. Seu pagamento continua sendo obrigat\u00f3rio para a maioria dos ve\u00edculos.<\/p>\n<\/div>\n<p data-track-category=\"Link no Texto\" data-track-links=\"\">Fonte: https:\/\/g1.globo.com\/<\/p>\n<\/div>\n","protected":false},"excerpt":{"rendered":"<p>Seguro obrigat\u00f3rio era cobrado todo ano dos propriet\u00e1rios de ve\u00edculos. Acidentes ocorridos at\u00e9 31 de dezembro de 2019 ainda ser\u00e3o cobertos, diz o governo. O presidente da Rep\u00fablica, Jair Bolsonaro, anunciou nesta segunda-feira (11) a\u00a0extin\u00e7\u00e3o do seguro obrigat\u00f3rio DPVAT\u00a0a partir de 2020. A medida provis\u00f3ria n\u00ba 904 foi publicada nesta ter\u00e7a-feira (12) no Di\u00e1rio Oficial [&hellip;]<\/p>\n","protected":false},"author":1,"featured_media":4030,"comment_status":"closed","ping_status":"open","sticky":false,"template":"","format":"standard","meta":{"om_disable_all_campaigns":false,"_mi_skip_tracking":false,"footnotes":""},"categories":[78],"tags":[85,84,87,86],"class_list":["post-4029","post","type-post","status-publish","format-standard","has-post-thumbnail","hentry","category-noticias","tag-85","tag-dpvat","tag-isencao","tag-seguro-obrigatorio"],"aioseo_notices":[],"yoast_head":"<!-- This site is optimized with the Yoast SEO plugin v28.4 - https:\/\/yoast.com\/product\/yoast-seo-wordpress\/ -->\n<title>Entenda o Seguro DPVAT, que dever\u00e1 ser extinto a partir de 2020 - Auto Din\u00e2mica<\/title>\n<meta name=\"robots\" content=\"index, follow, max-snippet:-1, max-image-preview:large, max-video-preview:-1\" \/>\n<link rel=\"canonical\" href=\"https:\/\/autodinamica.com.br\/?p=4029\" \/>\n<meta property=\"og:locale\" content=\"pt_BR\" \/>\n<meta property=\"og:type\" content=\"article\" \/>\n<meta property=\"og:title\" content=\"Entenda o Seguro DPVAT, que dever\u00e1 ser extinto a partir de 2020 - Auto Din\u00e2mica\" \/>\n<meta property=\"og:description\" content=\"Seguro obrigat\u00f3rio era cobrado todo ano dos propriet\u00e1rios de ve\u00edculos. Acidentes ocorridos at\u00e9 31 de dezembro de 2019 ainda ser\u00e3o cobertos, diz o governo. O presidente da Rep\u00fablica, Jair Bolsonaro, anunciou nesta segunda-feira (11) a\u00a0extin\u00e7\u00e3o do seguro obrigat\u00f3rio DPVAT\u00a0a partir de 2020. A medida provis\u00f3ria n\u00ba 904 foi publicada nesta ter\u00e7a-feira (12) no Di\u00e1rio Oficial [&hellip;]\" \/>\n<meta property=\"og:url\" content=\"https:\/\/autodinamica.com.br\/?p=4029\" \/>\n<meta property=\"og:site_name\" content=\"Auto Din\u00e2mica\" \/>\n<meta property=\"article:publisher\" content=\"https:\/\/www.facebook.com\/Din%c3%a2mica-Clube-de-Assist%c3%aancia-105512820853839\" \/>\n<meta property=\"article:published_time\" content=\"2019-11-12T18:49:06+00:00\" \/>\n<meta property=\"og:image\" content=\"https:\/\/autodinamica.com.br\/wp-content\/uploads\/2019\/11\/acidente-trindade.jpg\" \/>\n\t<meta property=\"og:image:width\" content=\"1000\" \/>\n\t<meta property=\"og:image:height\" content=\"626\" \/>\n\t<meta property=\"og:image:type\" content=\"image\/jpeg\" \/>\n<meta name=\"author\" content=\"H6Marketing\" \/>\n<meta name=\"twitter:card\" content=\"summary_large_image\" \/>\n<meta name=\"twitter:label1\" content=\"Escrito por\" \/>\n\t<meta name=\"twitter:data1\" content=\"H6Marketing\" \/>\n\t<meta name=\"twitter:label2\" content=\"Est. tempo de leitura\" \/>\n\t<meta name=\"twitter:data2\" content=\"7 minutos\" \/>\n<script type=\"application\/ld+json\" class=\"yoast-schema-graph\">{\"@context\":\"https:\\\/\\\/schema.org\",\"@graph\":[{\"@type\":\"Article\",\"@id\":\"https:\\\/\\\/autodinamica.com.br\\\/?p=4029#article\",\"isPartOf\":{\"@id\":\"https:\\\/\\\/autodinamica.com.br\\\/?p=4029\"},\"author\":{\"name\":\"H6Marketing\",\"@id\":\"https:\\\/\\\/autodinamica.com.br\\\/#\\\/schema\\\/person\\\/baf3052565b270a4a7b512e32d129288\"},\"headline\":\"Entenda o Seguro DPVAT, que dever\u00e1 ser extinto a partir de 2020\",\"datePublished\":\"2019-11-12T18:49:06+00:00\",\"mainEntityOfPage\":{\"@id\":\"https:\\\/\\\/autodinamica.com.br\\\/?p=4029\"},\"wordCount\":1431,\"publisher\":{\"@id\":\"https:\\\/\\\/autodinamica.com.br\\\/#organization\"},\"image\":{\"@id\":\"https:\\\/\\\/autodinamica.com.br\\\/?p=4029#primaryimage\"},\"thumbnailUrl\":\"https:\\\/\\\/autodinamica.com.br\\\/wp-content\\\/uploads\\\/2019\\\/11\\\/acidente-trindade.jpg\",\"keywords\":[\"2020\",\"DPVAT\",\"Isen\u00e7\u00e3o\",\"Seguro Obrigat\u00f3rio\"],\"articleSection\":[\"Noticias\"],\"inLanguage\":\"pt-BR\"},{\"@type\":\"WebPage\",\"@id\":\"https:\\\/\\\/autodinamica.com.br\\\/?p=4029\",\"url\":\"https:\\\/\\\/autodinamica.com.br\\\/?p=4029\",\"name\":\"Entenda o Seguro DPVAT, que dever\u00e1 ser extinto a partir de 2020 - Auto Din\u00e2mica\",\"isPartOf\":{\"@id\":\"https:\\\/\\\/autodinamica.com.br\\\/#website\"},\"primaryImageOfPage\":{\"@id\":\"https:\\\/\\\/autodinamica.com.br\\\/?p=4029#primaryimage\"},\"image\":{\"@id\":\"https:\\\/\\\/autodinamica.com.br\\\/?p=4029#primaryimage\"},\"thumbnailUrl\":\"https:\\\/\\\/autodinamica.com.br\\\/wp-content\\\/uploads\\\/2019\\\/11\\\/acidente-trindade.jpg\",\"datePublished\":\"2019-11-12T18:49:06+00:00\",\"breadcrumb\":{\"@id\":\"https:\\\/\\\/autodinamica.com.br\\\/?p=4029#breadcrumb\"},\"inLanguage\":\"pt-BR\",\"potentialAction\":[{\"@type\":\"ReadAction\",\"target\":[\"https:\\\/\\\/autodinamica.com.br\\\/?p=4029\"]}]},{\"@type\":\"ImageObject\",\"inLanguage\":\"pt-BR\",\"@id\":\"https:\\\/\\\/autodinamica.com.br\\\/?p=4029#primaryimage\",\"url\":\"https:\\\/\\\/autodinamica.com.br\\\/wp-content\\\/uploads\\\/2019\\\/11\\\/acidente-trindade.jpg\",\"contentUrl\":\"https:\\\/\\\/autodinamica.com.br\\\/wp-content\\\/uploads\\\/2019\\\/11\\\/acidente-trindade.jpg\",\"width\":1000,\"height\":626,\"caption\":\"Acidente em Trindade, Goi\u00e1s \u2014 Foto: Divulga\u00e7\u00e3o\\\/Pol\u00edcia Militar\"},{\"@type\":\"BreadcrumbList\",\"@id\":\"https:\\\/\\\/autodinamica.com.br\\\/?p=4029#breadcrumb\",\"itemListElement\":[{\"@type\":\"ListItem\",\"position\":1,\"name\":\"In\u00edcio\",\"item\":\"https:\\\/\\\/autodinamica.com.br\\\/\"},{\"@type\":\"ListItem\",\"position\":2,\"name\":\"Entenda o Seguro DPVAT, que dever\u00e1 ser extinto a partir de 2020\"}]},{\"@type\":\"WebSite\",\"@id\":\"https:\\\/\\\/autodinamica.com.br\\\/#website\",\"url\":\"https:\\\/\\\/autodinamica.com.br\\\/\",\"name\":\"Auto Din\u00e2mica\",\"description\":\"Clube de Servi\u00e7os e Assist\u00eancia\",\"publisher\":{\"@id\":\"https:\\\/\\\/autodinamica.com.br\\\/#organization\"},\"potentialAction\":[{\"@type\":\"SearchAction\",\"target\":{\"@type\":\"EntryPoint\",\"urlTemplate\":\"https:\\\/\\\/autodinamica.com.br\\\/?s={search_term_string}\"},\"query-input\":{\"@type\":\"PropertyValueSpecification\",\"valueRequired\":true,\"valueName\":\"search_term_string\"}}],\"inLanguage\":\"pt-BR\"},{\"@type\":\"Organization\",\"@id\":\"https:\\\/\\\/autodinamica.com.br\\\/#organization\",\"name\":\"Auto Din\u00e2mica\",\"url\":\"https:\\\/\\\/autodinamica.com.br\\\/\",\"logo\":{\"@type\":\"ImageObject\",\"inLanguage\":\"pt-BR\",\"@id\":\"https:\\\/\\\/autodinamica.com.br\\\/#\\\/schema\\\/logo\\\/image\\\/\",\"url\":\"https:\\\/\\\/autodinamica.com.br\\\/wp-content\\\/uploads\\\/2015\\\/12\\\/logo.png\",\"contentUrl\":\"https:\\\/\\\/autodinamica.com.br\\\/wp-content\\\/uploads\\\/2015\\\/12\\\/logo.png\",\"width\":237,\"height\":61,\"caption\":\"Auto Din\u00e2mica\"},\"image\":{\"@id\":\"https:\\\/\\\/autodinamica.com.br\\\/#\\\/schema\\\/logo\\\/image\\\/\"},\"sameAs\":[\"https:\\\/\\\/www.facebook.com\\\/Din\u00e2mica-Clube-de-Assist\u00eancia-105512820853839\",\"https:\\\/\\\/www.instagram.com\\\/dinamica_brasil\\\/\"]},{\"@type\":\"Person\",\"@id\":\"https:\\\/\\\/autodinamica.com.br\\\/#\\\/schema\\\/person\\\/baf3052565b270a4a7b512e32d129288\",\"name\":\"H6Marketing\",\"image\":{\"@type\":\"ImageObject\",\"inLanguage\":\"pt-BR\",\"@id\":\"https:\\\/\\\/secure.gravatar.com\\\/avatar\\\/f56ffb9c5dc03854eeaf337261b96bb4ce1e23131b0a3c58ee7377df81810bf6?s=96&d=mm&r=g\",\"url\":\"https:\\\/\\\/secure.gravatar.com\\\/avatar\\\/f56ffb9c5dc03854eeaf337261b96bb4ce1e23131b0a3c58ee7377df81810bf6?s=96&d=mm&r=g\",\"contentUrl\":\"https:\\\/\\\/secure.gravatar.com\\\/avatar\\\/f56ffb9c5dc03854eeaf337261b96bb4ce1e23131b0a3c58ee7377df81810bf6?s=96&d=mm&r=g\",\"caption\":\"H6Marketing\"}}]}<\/script>\n<!-- \/ Yoast SEO plugin. -->","yoast_head_json":{"title":"Entenda o Seguro DPVAT, que dever\u00e1 ser extinto a partir de 2020 - Auto Din\u00e2mica","robots":{"index":"index","follow":"follow","max-snippet":"max-snippet:-1","max-image-preview":"max-image-preview:large","max-video-preview":"max-video-preview:-1"},"canonical":"https:\/\/autodinamica.com.br\/?p=4029","og_locale":"pt_BR","og_type":"article","og_title":"Entenda o Seguro DPVAT, que dever\u00e1 ser extinto a partir de 2020 - Auto Din\u00e2mica","og_description":"Seguro obrigat\u00f3rio era cobrado todo ano dos propriet\u00e1rios de ve\u00edculos. Acidentes ocorridos at\u00e9 31 de dezembro de 2019 ainda ser\u00e3o cobertos, diz o governo. O presidente da Rep\u00fablica, Jair Bolsonaro, anunciou nesta segunda-feira (11) a\u00a0extin\u00e7\u00e3o do seguro obrigat\u00f3rio DPVAT\u00a0a partir de 2020. A medida provis\u00f3ria n\u00ba 904 foi publicada nesta ter\u00e7a-feira (12) no Di\u00e1rio Oficial [&hellip;]","og_url":"https:\/\/autodinamica.com.br\/?p=4029","og_site_name":"Auto Din\u00e2mica","article_publisher":"https:\/\/www.facebook.com\/Din%c3%a2mica-Clube-de-Assist%c3%aancia-105512820853839","article_published_time":"2019-11-12T18:49:06+00:00","og_image":[{"width":1000,"height":626,"url":"https:\/\/autodinamica.com.br\/wp-content\/uploads\/2019\/11\/acidente-trindade.jpg","type":"image\/jpeg"}],"author":"H6Marketing","twitter_card":"summary_large_image","twitter_misc":{"Escrito por":"H6Marketing","Est. tempo de leitura":"7 minutos"},"schema":{"@context":"https:\/\/schema.org","@graph":[{"@type":"Article","@id":"https:\/\/autodinamica.com.br\/?p=4029#article","isPartOf":{"@id":"https:\/\/autodinamica.com.br\/?p=4029"},"author":{"name":"H6Marketing","@id":"https:\/\/autodinamica.com.br\/#\/schema\/person\/baf3052565b270a4a7b512e32d129288"},"headline":"Entenda o Seguro DPVAT, que dever\u00e1 ser extinto a partir de 2020","datePublished":"2019-11-12T18:49:06+00:00","mainEntityOfPage":{"@id":"https:\/\/autodinamica.com.br\/?p=4029"},"wordCount":1431,"publisher":{"@id":"https:\/\/autodinamica.com.br\/#organization"},"image":{"@id":"https:\/\/autodinamica.com.br\/?p=4029#primaryimage"},"thumbnailUrl":"https:\/\/autodinamica.com.br\/wp-content\/uploads\/2019\/11\/acidente-trindade.jpg","keywords":["2020","DPVAT","Isen\u00e7\u00e3o","Seguro Obrigat\u00f3rio"],"articleSection":["Noticias"],"inLanguage":"pt-BR"},{"@type":"WebPage","@id":"https:\/\/autodinamica.com.br\/?p=4029","url":"https:\/\/autodinamica.com.br\/?p=4029","name":"Entenda o Seguro DPVAT, que dever\u00e1 ser extinto a partir de 2020 - Auto Din\u00e2mica","isPartOf":{"@id":"https:\/\/autodinamica.com.br\/#website"},"primaryImageOfPage":{"@id":"https:\/\/autodinamica.com.br\/?p=4029#primaryimage"},"image":{"@id":"https:\/\/autodinamica.com.br\/?p=4029#primaryimage"},"thumbnailUrl":"https:\/\/autodinamica.com.br\/wp-content\/uploads\/2019\/11\/acidente-trindade.jpg","datePublished":"2019-11-12T18:49:06+00:00","breadcrumb":{"@id":"https:\/\/autodinamica.com.br\/?p=4029#breadcrumb"},"inLanguage":"pt-BR","potentialAction":[{"@type":"ReadAction","target":["https:\/\/autodinamica.com.br\/?p=4029"]}]},{"@type":"ImageObject","inLanguage":"pt-BR","@id":"https:\/\/autodinamica.com.br\/?p=4029#primaryimage","url":"https:\/\/autodinamica.com.br\/wp-content\/uploads\/2019\/11\/acidente-trindade.jpg","contentUrl":"https:\/\/autodinamica.com.br\/wp-content\/uploads\/2019\/11\/acidente-trindade.jpg","width":1000,"height":626,"caption":"Acidente em Trindade, Goi\u00e1s \u2014 Foto: Divulga\u00e7\u00e3o\/Pol\u00edcia Militar"},{"@type":"BreadcrumbList","@id":"https:\/\/autodinamica.com.br\/?p=4029#breadcrumb","itemListElement":[{"@type":"ListItem","position":1,"name":"In\u00edcio","item":"https:\/\/autodinamica.com.br\/"},{"@type":"ListItem","position":2,"name":"Entenda o Seguro DPVAT, que dever\u00e1 ser extinto a partir de 2020"}]},{"@type":"WebSite","@id":"https:\/\/autodinamica.com.br\/#website","url":"https:\/\/autodinamica.com.br\/","name":"Auto Din\u00e2mica","description":"Clube de Servi\u00e7os e Assist\u00eancia","publisher":{"@id":"https:\/\/autodinamica.com.br\/#organization"},"potentialAction":[{"@type":"SearchAction","target":{"@type":"EntryPoint","urlTemplate":"https:\/\/autodinamica.com.br\/?s={search_term_string}"},"query-input":{"@type":"PropertyValueSpecification","valueRequired":true,"valueName":"search_term_string"}}],"inLanguage":"pt-BR"},{"@type":"Organization","@id":"https:\/\/autodinamica.com.br\/#organization","name":"Auto Din\u00e2mica","url":"https:\/\/autodinamica.com.br\/","logo":{"@type":"ImageObject","inLanguage":"pt-BR","@id":"https:\/\/autodinamica.com.br\/#\/schema\/logo\/image\/","url":"https:\/\/autodinamica.com.br\/wp-content\/uploads\/2015\/12\/logo.png","contentUrl":"https:\/\/autodinamica.com.br\/wp-content\/uploads\/2015\/12\/logo.png","width":237,"height":61,"caption":"Auto Din\u00e2mica"},"image":{"@id":"https:\/\/autodinamica.com.br\/#\/schema\/logo\/image\/"},"sameAs":["https:\/\/www.facebook.com\/Din\u00e2mica-Clube-de-Assist\u00eancia-105512820853839","https:\/\/www.instagram.com\/dinamica_brasil\/"]},{"@type":"Person","@id":"https:\/\/autodinamica.com.br\/#\/schema\/person\/baf3052565b270a4a7b512e32d129288","name":"H6Marketing","image":{"@type":"ImageObject","inLanguage":"pt-BR","@id":"https:\/\/secure.gravatar.com\/avatar\/f56ffb9c5dc03854eeaf337261b96bb4ce1e23131b0a3c58ee7377df81810bf6?s=96&d=mm&r=g","url":"https:\/\/secure.gravatar.com\/avatar\/f56ffb9c5dc03854eeaf337261b96bb4ce1e23131b0a3c58ee7377df81810bf6?s=96&d=mm&r=g","contentUrl":"https:\/\/secure.gravatar.com\/avatar\/f56ffb9c5dc03854eeaf337261b96bb4ce1e23131b0a3c58ee7377df81810bf6?s=96&d=mm&r=g","caption":"H6Marketing"}}]}},"_links":{"self":[{"href":"https:\/\/autodinamica.com.br\/index.php?rest_route=\/wp\/v2\/posts\/4029","targetHints":{"allow":["GET"]}}],"collection":[{"href":"https:\/\/autodinamica.com.br\/index.php?rest_route=\/wp\/v2\/posts"}],"about":[{"href":"https:\/\/autodinamica.com.br\/index.php?rest_route=\/wp\/v2\/types\/post"}],"author":[{"embeddable":true,"href":"https:\/\/autodinamica.com.br\/index.php?rest_route=\/wp\/v2\/users\/1"}],"replies":[{"embeddable":true,"href":"https:\/\/autodinamica.com.br\/index.php?rest_route=%2Fwp%2Fv2%2Fcomments&post=4029"}],"version-history":[{"count":1,"href":"https:\/\/autodinamica.com.br\/index.php?rest_route=\/wp\/v2\/posts\/4029\/revisions"}],"predecessor-version":[{"id":4031,"href":"https:\/\/autodinamica.com.br\/index.php?rest_route=\/wp\/v2\/posts\/4029\/revisions\/4031"}],"wp:featuredmedia":[{"embeddable":true,"href":"https:\/\/autodinamica.com.br\/index.php?rest_route=\/wp\/v2\/media\/4030"}],"wp:attachment":[{"href":"https:\/\/autodinamica.com.br\/index.php?rest_route=%2Fwp%2Fv2%2Fmedia&parent=4029"}],"wp:term":[{"taxonomy":"category","embeddable":true,"href":"https:\/\/autodinamica.com.br\/index.php?rest_route=%2Fwp%2Fv2%2Fcategories&post=4029"},{"taxonomy":"post_tag","embeddable":true,"href":"https:\/\/autodinamica.com.br\/index.php?rest_route=%2Fwp%2Fv2%2Ftags&post=4029"}],"curies":[{"name":"wp","href":"https:\/\/api.w.org\/{rel}","templated":true}]}}